{"id":19368,"date":"2023-05-29T17:23:28","date_gmt":"2023-05-29T15:23:28","guid":{"rendered":"https:\/\/www.berkinder.com\/nueva-ley-de-la-vivienda-faq\/"},"modified":"2023-05-29T17:23:28","modified_gmt":"2023-05-29T15:23:28","slug":"nueva-ley-de-la-vivienda-faq","status":"publish","type":"post","link":"https:\/\/www.berkinder.com\/ca\/nueva-ley-de-la-vivienda-faq\/","title":{"rendered":"Nueva Ley de la Vivienda: FAQ"},"content":{"rendered":"<p>&nbsp;<\/p>\n<p><strong>NUEVA LEY DE VIVIENDA 2023<\/strong><\/p>\n<p>Como seguramente ya sabr\u00e1n, se ha aprobado a nivel estatal la nueva Ley de Vivienda, la cual afectar\u00e1 diversos aspectos del sector inmobiliario. Por ello, queremos ofrecerles un breve resumen de los puntos m\u00e1s importantes de dicha ley para que est\u00e9n al tanto de su contenido.<\/p>\n<p>Entre las principales medidas, la Ley de Vivienda establece el control de los alquileres en las zonas que se declaren tensionadas, crea un nuevo \u00edndice de referencia para actualizar las rentas, nuevos incentivos fiscales o la posibilidad de gravar las viviendas vac\u00edas.<\/p>\n<p>Tambi\u00e9n regular\u00e1 los desahucios, las ayudas al acceso a la vivienda social y asequible o la creaci\u00f3n de un parque p\u00fablico de vivienda asequible. Hay medidas que entran en vigor desde el 26 de mayo, otras tendr\u00e1n que esperar los informes de la CCAA y ayuntamientos para controlar la subida de precios del alquiler.<\/p>\n<p>Las medidas de la Ley de vivienda que entran ya en vigor son:<\/p>\n<ul>\n<li>\u2022 <strong>\u00bf Que tope establece la Ley de Vivienda a la actualizaci\u00f3n de las rentas del alquiler?<\/strong>:<\/li>\n<\/ul>\n<p>Hasta el 31 de diciembre de 2023, la actualizaci\u00f3n anual del contrato de alquiler no podr\u00e1 superar el 2% de subida, tanto para grandes tenedores como para peque\u00f1os propietarios, salvo pacto entre partes entre el arrendador particular y su inquilino .<\/p>\n<p>Este l\u00edmite se incrementar\u00e1 un punto en todos los contratos durante todo 2024, hasta el 3% de subida ya partir de 2025 se aplicar\u00e1 un nuevo \u00cdndice de alquiler.<\/p>\n<p>&nbsp;<\/p>\n<ul>\n<li>\u2022 <strong>\u00bfQui\u00e9n paga los gastos u honorarios de gesti\u00f3n inmobiliaria en la nueva Ley de La vivienda?<\/strong>:<\/li>\n<\/ul>\n<p>En la regulaci\u00f3n de los contratos de arrendamiento de vivienda, se modifica la obligaci\u00f3n de que los gastos de gesti\u00f3n inmobiliaria y los de formalizaci\u00f3n del contrato sean a cargo del arrendador.\u00a0 Nuevo Art. 21.1 LAU<\/p>\n<p>&nbsp;<\/p>\n<ul>\n<li>\u2022 <strong>\u00bfQu\u00e9 informaci\u00f3n m\u00ednima debe dar el vendedor o arrendador en las operaciones de compra y alquiler de vivienda?<\/strong>:<\/li>\n<\/ul>\n<p>Entre esta informaci\u00f3n se encuentran las condiciones econ\u00f3micas de la operaci\u00f3n (precio total y conceptos incluidos, as\u00ed como las condiciones de financiaci\u00f3n o pago), las caracter\u00edsticas esenciales de la vivienda y del edificio (como la c\u00e9dula de habitabilidad, l acreditaci\u00f3n de la superficie \u00fatil y construida de la vivienda, el certificado de eficiencia energ\u00e9tica, los servicios de que dispone el edificio o su antig\u00fcedad), entre la informaci\u00f3n que puede solicitar el potencial inquilino est\u00e1 la \u201cidentificaci\u00f3n del vendedor o arrendador y, en su caso, de la persona f\u00edsica o jur\u00eddica que intervenga, en el marco de una actividad profesional o empresarial, la intermediaci\u00f3n en la operaci\u00f3n\u201d. Adem\u00e1s, contempla sanciones econ\u00f3micas por incumplimiento. Art\u00edculo 31.<\/p>\n<p>&nbsp;<\/p>\n<ul>\n<li>\u2022 <strong>\u00bfQu\u00e9 pr\u00f3rrogas extraordinarias se establecen en los contratos de alquiler para personas vulnerables<\/strong>:<\/li>\n<\/ul>\n<p>El arrendatario podr\u00e1 solicitar una pr\u00f3rroga extraordinaria de un a\u00f1o si acredita una situaci\u00f3n de vulnerabilidad social y econ\u00f3mica y siempre que el arrendador sea un gran tenedor de viviendas (es decir, que disponga de 10 o m\u00e1s inmuebles en t\u00e9rminos generales o 5 o m\u00e1s si se trata de una zona declarada como mercado tensionado).<\/p>\n<p>&nbsp;<\/p>\n<ul>\n<li>\u2022 <strong>\u00bfQu\u00e9 recargo al IBI establece la Ley de la Vivienda a las viviendas vac\u00edas? <\/strong>:<\/li>\n<\/ul>\n<p>Recargo al Impuesto sobre Bienes Inmuebles (IBI) en el caso de viviendas que lleven al menos dos a\u00f1os vac\u00edas recogidas en la disposici\u00f3n final tercera de la normativa. Un recargo que podr\u00eda alcanzar el 150%.<\/p>\n<p>&nbsp;<\/p>\n<ul>\n<li>\u2022\u00a0 <strong>Medidas relativas al r\u00e9gimen de vivienda protegida o &#8216;incentivada&#8217;<\/strong>:<\/li>\n<\/ul>\n<p>La definici\u00f3n que se hace de vivienda asequible incentivada es \u201caquella vivienda de titularidad privada, incluidas las entidades del tercer sector y de la econom\u00eda social, a cuyo titular la Administraci\u00f3n competente otorga beneficios de car\u00e1cter urban\u00edstico, fiscal, o de cualquier otro tipo, a cambio de destinarlos a residencia habitual en r\u00e9gimen de alquiler a precios reducidos, o de cualquier otra f\u00f3rmula de tenencia temporal, de personas cuyo nivel de ingresos no les permite acceder a una vivienda a precio de mercado\u201d.<\/p>\n<ul>\n<li>\u2022 <strong>Pago por medios electr\u00f3nico<\/strong>s:<\/li>\n<\/ul>\n<p>Los pagos de las rentas del alquiler se pagar\u00e1n en t\u00e9rminos generales a trav\u00e9s de medios electr\u00f3nicos para los contratos que se firmen a partir de ahora. Con una excepci\u00f3n: \u201ccuando alguna de las partes no tenga cuenta bancaria o acceso a medios electr\u00f3nicos de pago ya solicitud de \u00e9ste, se podr\u00e1 efectuar en met\u00e1lico y en la vivienda arrendada\u201d.<\/p>\n<p>&nbsp;<\/p>\n<ul>\n<li>\u2022 <strong>\u00bfQui\u00e9n es gran tenedor de viviendas en la nueva Ley de la Vivienda?<\/strong>:<\/li>\n<\/ul>\n<p>Gran tenedor se define como la persona f\u00edsica o jur\u00eddica que sea titular de m\u00e1s de 10 inmuebles urbanos, excluyendo garajes y trasteros, o una superficie construida de m\u00e1s de 1.500 m2.<\/p>\n<p>Si bien, se especifica que esta definici\u00f3n general podr\u00e1 ser particularizada en la declaraci\u00f3n de entornos de mercado residencial tensionado, pudiendo alcanzar titulares de 5 o m\u00e1s inmuebles urbanos de uso residencial que est\u00e9n ubicados en estos entornos, que quedan supeditadas a la declaraci\u00f3n por parte de la Administraci\u00f3n competente, en este caso las comunidades aut\u00f3nomas.<\/p>\n<ul>\n<li>\u2022 \u00bfQu\u00e9 cambia en los desahucios, ejecuciones hipotecarias y subasta de inmuebles:<\/li>\n<li>o Procedimiento de desahucio:<\/li>\n<\/ul>\n<p>Las principales medidas son las siguientes:<\/p>\n<p>Se trasladar\u00e1 en todo caso a las administraciones p\u00fablicas competentes, y sin necesidad por tanto de consentimiento de los interesados, de la resoluci\u00f3n que fije la fecha del lanzamiento para comprobar la situaci\u00f3n de vulnerabilidad de quienes ocupen la vivienda.<\/p>\n<p>Se impone al demandante la obligaci\u00f3n de indicar si el inmueble constituye o no vivienda habitual del ocupante, si es gran tenedor de viviendas o no y, en tal caso, acreditar esta circunstancia mediante certificaci\u00f3n del Registro de la Propiedad con la relaci\u00f3n de sus propiedades. En caso de que el demandante sea un gran tenedor de viviendas, se le impone la carga de acreditar si el ocupante de la vivienda se encuentra o no en situaci\u00f3n de vulnerabilidad econ\u00f3mica.<\/p>\n<p>Se establece un requisito de admisibilidad de la demanda en los casos en que el demandante sea gran tenedor de viviendas, la vivienda sea la habitual del ocupante y \u00e9sta est\u00e9 en situaci\u00f3n de vulnerabilidad econ\u00f3mica, consistente en que previamente haya habido un procedimiento de conciliaci\u00f3n<\/p>\n<p>Texto de la Ley: <a href=\"https:\/\/www.boe.es\/diario_boe\/txt.php?id=BOE-A-2023-12203\">Ley 12\/2023, de 24 de mayo, por el derecho a la vivienda<\/a>.<\/p>\n<p data-fontsize=\"24\" data-lineheight=\"36px\"><a href=\"https:\/\/www.boe.es\/buscar\/act.php?id=BOE-A-1994-26003\">Ley de Arrendamiento Urbanos<\/a><\/p>\n<p><strong>En BERKINDER ofrecemos asesoramiento legal, servicios de intermediaci\u00f3n en la compra y venta de inmuebles, estudios de mercado y la experiencia de m\u00e1s de 40 a\u00f1os invirtiendo y asesorando a inversores en Barcelona. No dude en ponerse en contacto con nosotros \u00a1<\/strong><\/p>\n<p>Tel\u00e9fono: +34 692112284 +34 932098109<\/p>\n<p>[contact-form-7 id=&#8221;18504&#8243; title=&#8221;Form de contacto 1_ BLOG espagnol&#8221;]<\/p>\n","protected":false},"excerpt":{"rendered":"<p>&nbsp; NUEVA LEY DE VIVIENDA 2023 Como seguramente ya sabr\u00e1n, se ha aprobado a nivel estatal la nueva Ley de Vivienda, la cual afectar\u00e1 diversos aspectos del sector inmobiliario. Por ello, queremos ofrecerles un breve resumen de los puntos m\u00e1s importantes de dicha ley para que est\u00e9n al tanto de su contenido. Entre las principales [&hellip;]<\/p>\n","protected":false},"author":2,"featured_media":19294,"comment_status":"open","ping_status":"open","sticky":false,"template":"","format":"standard","meta":{"footnotes":""},"categories":[52,7],"tags":[],"class_list":["post-19368","post","type-post","status-publish","format-standard","has-post-thumbnail","hentry","category-business-ca","category-sin-categorizar"],"yoast_head":"<!-- This site is optimized with the Yoast SEO plugin v25.2 - https:\/\/yoast.com\/wordpress\/plugins\/seo\/ -->\n<title>Nueva Ley de la Vivienda: FAQ - Berkinder - Property Management Barcelona<\/title>\n<meta name=\"robots\" content=\"index, follow, max-snippet:-1, max-image-preview:large, max-video-preview:-1\" \/>\n<link rel=\"canonical\" href=\"https:\/\/www.berkinder.com\/nueva-ley-de-la-vivienda-faq\/\" \/>\n<meta property=\"og:locale\" content=\"ca_ES\" \/>\n<meta property=\"og:type\" content=\"article\" \/>\n<meta property=\"og:title\" content=\"Nueva Ley de la Vivienda: FAQ - Berkinder - Property Management Barcelona\" \/>\n<meta property=\"og:description\" content=\"&nbsp; NUEVA LEY DE VIVIENDA 2023 Como seguramente ya sabr\u00e1n, se ha aprobado a nivel estatal la nueva Ley de Vivienda, la cual afectar\u00e1 diversos aspectos del sector inmobiliario. Por ello, queremos ofrecerles un breve resumen de los puntos m\u00e1s importantes de dicha ley para que est\u00e9n al tanto de su contenido. Entre las principales [&hellip;]\" \/>\n<meta property=\"og:url\" content=\"https:\/\/www.berkinder.com\/nueva-ley-de-la-vivienda-faq\/\" \/>\n<meta property=\"og:site_name\" content=\"Berkinder - Property Management Barcelona\" \/>\n<meta property=\"article:published_time\" content=\"2023-05-29T15:23:28+00:00\" \/>\n<meta property=\"og:image\" content=\"https:\/\/www.berkinder.com\/wp-content\/uploads\/2020\/03\/tax_services_barcelona_property.jpg\" \/>\n\t<meta property=\"og:image:width\" content=\"560\" \/>\n\t<meta property=\"og:image:height\" content=\"295\" \/>\n\t<meta property=\"og:image:type\" content=\"image\/jpeg\" \/>\n<meta name=\"author\" content=\"carles\" \/>\n<meta name=\"twitter:card\" content=\"summary_large_image\" \/>\n<meta name=\"twitter:label1\" content=\"Escrit per\" \/>\n\t<meta name=\"twitter:data1\" content=\"carles\" \/>\n\t<meta name=\"twitter:label2\" content=\"Temps estimat de lectura\" \/>\n\t<meta name=\"twitter:data2\" content=\"6 minuts\" \/>\n<script type=\"application\/ld+json\" class=\"yoast-schema-graph\">{\"@context\":\"https:\/\/schema.org\",\"@graph\":[{\"@type\":\"WebPage\",\"@id\":\"https:\/\/www.berkinder.com\/nueva-ley-de-la-vivienda-faq\/\",\"url\":\"https:\/\/www.berkinder.com\/nueva-ley-de-la-vivienda-faq\/\",\"name\":\"Nueva Ley de la Vivienda: FAQ - Berkinder - Property Management Barcelona\",\"isPartOf\":{\"@id\":\"https:\/\/www.berkinder.com\/#website\"},\"primaryImageOfPage\":{\"@id\":\"https:\/\/www.berkinder.com\/nueva-ley-de-la-vivienda-faq\/#primaryimage\"},\"image\":{\"@id\":\"https:\/\/www.berkinder.com\/nueva-ley-de-la-vivienda-faq\/#primaryimage\"},\"thumbnailUrl\":\"https:\/\/www.berkinder.com\/wp-content\/uploads\/2020\/03\/tax_services_barcelona_property.jpg\",\"datePublished\":\"2023-05-29T15:23:28+00:00\",\"author\":{\"@id\":\"https:\/\/www.berkinder.com\/#\/schema\/person\/1ad6b78dcd2165cb9780ffa274246250\"},\"breadcrumb\":{\"@id\":\"https:\/\/www.berkinder.com\/nueva-ley-de-la-vivienda-faq\/#breadcrumb\"},\"inLanguage\":\"ca\",\"potentialAction\":[{\"@type\":\"ReadAction\",\"target\":[\"https:\/\/www.berkinder.com\/nueva-ley-de-la-vivienda-faq\/\"]}]},{\"@type\":\"ImageObject\",\"inLanguage\":\"ca\",\"@id\":\"https:\/\/www.berkinder.com\/nueva-ley-de-la-vivienda-faq\/#primaryimage\",\"url\":\"https:\/\/www.berkinder.com\/wp-content\/uploads\/2020\/03\/tax_services_barcelona_property.jpg\",\"contentUrl\":\"https:\/\/www.berkinder.com\/wp-content\/uploads\/2020\/03\/tax_services_barcelona_property.jpg\",\"width\":560,\"height\":295},{\"@type\":\"BreadcrumbList\",\"@id\":\"https:\/\/www.berkinder.com\/nueva-ley-de-la-vivienda-faq\/#breadcrumb\",\"itemListElement\":[{\"@type\":\"ListItem\",\"position\":1,\"name\":\"Portada\",\"item\":\"https:\/\/www.berkinder.com\/ca\/\"},{\"@type\":\"ListItem\",\"position\":2,\"name\":\"Nueva Ley de la Vivienda: FAQ\"}]},{\"@type\":\"WebSite\",\"@id\":\"https:\/\/www.berkinder.com\/#website\",\"url\":\"https:\/\/www.berkinder.com\/\",\"name\":\"Berkinder - Property Management Barcelona\",\"description\":\"Property management &amp; Real Estate in Barcelona\",\"potentialAction\":[{\"@type\":\"SearchAction\",\"target\":{\"@type\":\"EntryPoint\",\"urlTemplate\":\"https:\/\/www.berkinder.com\/?s={search_term_string}\"},\"query-input\":{\"@type\":\"PropertyValueSpecification\",\"valueRequired\":true,\"valueName\":\"search_term_string\"}}],\"inLanguage\":\"ca\"},{\"@type\":\"Person\",\"@id\":\"https:\/\/www.berkinder.com\/#\/schema\/person\/1ad6b78dcd2165cb9780ffa274246250\",\"name\":\"carles\",\"image\":{\"@type\":\"ImageObject\",\"inLanguage\":\"ca\",\"@id\":\"https:\/\/www.berkinder.com\/#\/schema\/person\/image\/\",\"url\":\"https:\/\/secure.gravatar.com\/avatar\/92a7b9c13a52fcaf3a08f101816a4a5a088537afc72ab7d0b1aaeebcde01ddaa?s=96&d=mm&r=g\",\"contentUrl\":\"https:\/\/secure.gravatar.com\/avatar\/92a7b9c13a52fcaf3a08f101816a4a5a088537afc72ab7d0b1aaeebcde01ddaa?s=96&d=mm&r=g\",\"caption\":\"carles\"},\"url\":\"https:\/\/www.berkinder.com\/ca\/author\/carles\/\"}]}<\/script>\n<!-- \/ Yoast SEO plugin. -->","yoast_head_json":{"title":"Nueva Ley de la Vivienda: FAQ - Berkinder - Property Management Barcelona","robots":{"index":"index","follow":"follow","max-snippet":"max-snippet:-1","max-image-preview":"max-image-preview:large","max-video-preview":"max-video-preview:-1"},"canonical":"https:\/\/www.berkinder.com\/nueva-ley-de-la-vivienda-faq\/","og_locale":"ca_ES","og_type":"article","og_title":"Nueva Ley de la Vivienda: FAQ - Berkinder - Property Management Barcelona","og_description":"&nbsp; NUEVA LEY DE VIVIENDA 2023 Como seguramente ya sabr\u00e1n, se ha aprobado a nivel estatal la nueva Ley de Vivienda, la cual afectar\u00e1 diversos aspectos del sector inmobiliario. Por ello, queremos ofrecerles un breve resumen de los puntos m\u00e1s importantes de dicha ley para que est\u00e9n al tanto de su contenido. Entre las principales [&hellip;]","og_url":"https:\/\/www.berkinder.com\/nueva-ley-de-la-vivienda-faq\/","og_site_name":"Berkinder - Property Management Barcelona","article_published_time":"2023-05-29T15:23:28+00:00","og_image":[{"width":560,"height":295,"url":"https:\/\/www.berkinder.com\/wp-content\/uploads\/2020\/03\/tax_services_barcelona_property.jpg","type":"image\/jpeg"}],"author":"carles","twitter_card":"summary_large_image","twitter_misc":{"Escrit per":"carles","Temps estimat de lectura":"6 minuts"},"schema":{"@context":"https:\/\/schema.org","@graph":[{"@type":"WebPage","@id":"https:\/\/www.berkinder.com\/nueva-ley-de-la-vivienda-faq\/","url":"https:\/\/www.berkinder.com\/nueva-ley-de-la-vivienda-faq\/","name":"Nueva Ley de la Vivienda: FAQ - Berkinder - Property Management Barcelona","isPartOf":{"@id":"https:\/\/www.berkinder.com\/#website"},"primaryImageOfPage":{"@id":"https:\/\/www.berkinder.com\/nueva-ley-de-la-vivienda-faq\/#primaryimage"},"image":{"@id":"https:\/\/www.berkinder.com\/nueva-ley-de-la-vivienda-faq\/#primaryimage"},"thumbnailUrl":"https:\/\/www.berkinder.com\/wp-content\/uploads\/2020\/03\/tax_services_barcelona_property.jpg","datePublished":"2023-05-29T15:23:28+00:00","author":{"@id":"https:\/\/www.berkinder.com\/#\/schema\/person\/1ad6b78dcd2165cb9780ffa274246250"},"breadcrumb":{"@id":"https:\/\/www.berkinder.com\/nueva-ley-de-la-vivienda-faq\/#breadcrumb"},"inLanguage":"ca","potentialAction":[{"@type":"ReadAction","target":["https:\/\/www.berkinder.com\/nueva-ley-de-la-vivienda-faq\/"]}]},{"@type":"ImageObject","inLanguage":"ca","@id":"https:\/\/www.berkinder.com\/nueva-ley-de-la-vivienda-faq\/#primaryimage","url":"https:\/\/www.berkinder.com\/wp-content\/uploads\/2020\/03\/tax_services_barcelona_property.jpg","contentUrl":"https:\/\/www.berkinder.com\/wp-content\/uploads\/2020\/03\/tax_services_barcelona_property.jpg","width":560,"height":295},{"@type":"BreadcrumbList","@id":"https:\/\/www.berkinder.com\/nueva-ley-de-la-vivienda-faq\/#breadcrumb","itemListElement":[{"@type":"ListItem","position":1,"name":"Portada","item":"https:\/\/www.berkinder.com\/ca\/"},{"@type":"ListItem","position":2,"name":"Nueva Ley de la Vivienda: FAQ"}]},{"@type":"WebSite","@id":"https:\/\/www.berkinder.com\/#website","url":"https:\/\/www.berkinder.com\/","name":"Berkinder - Property Management Barcelona","description":"Property management &amp; Real Estate in Barcelona","potentialAction":[{"@type":"SearchAction","target":{"@type":"EntryPoint","urlTemplate":"https:\/\/www.berkinder.com\/?s={search_term_string}"},"query-input":{"@type":"PropertyValueSpecification","valueRequired":true,"valueName":"search_term_string"}}],"inLanguage":"ca"},{"@type":"Person","@id":"https:\/\/www.berkinder.com\/#\/schema\/person\/1ad6b78dcd2165cb9780ffa274246250","name":"carles","image":{"@type":"ImageObject","inLanguage":"ca","@id":"https:\/\/www.berkinder.com\/#\/schema\/person\/image\/","url":"https:\/\/secure.gravatar.com\/avatar\/92a7b9c13a52fcaf3a08f101816a4a5a088537afc72ab7d0b1aaeebcde01ddaa?s=96&d=mm&r=g","contentUrl":"https:\/\/secure.gravatar.com\/avatar\/92a7b9c13a52fcaf3a08f101816a4a5a088537afc72ab7d0b1aaeebcde01ddaa?s=96&d=mm&r=g","caption":"carles"},"url":"https:\/\/www.berkinder.com\/ca\/author\/carles\/"}]}},"_links":{"self":[{"href":"https:\/\/www.berkinder.com\/ca\/wp-json\/wp\/v2\/posts\/19368","targetHints":{"allow":["GET"]}}],"collection":[{"href":"https:\/\/www.berkinder.com\/ca\/wp-json\/wp\/v2\/posts"}],"about":[{"href":"https:\/\/www.berkinder.com\/ca\/wp-json\/wp\/v2\/types\/post"}],"author":[{"embeddable":true,"href":"https:\/\/www.berkinder.com\/ca\/wp-json\/wp\/v2\/users\/2"}],"replies":[{"embeddable":true,"href":"https:\/\/www.berkinder.com\/ca\/wp-json\/wp\/v2\/comments?post=19368"}],"version-history":[{"count":0,"href":"https:\/\/www.berkinder.com\/ca\/wp-json\/wp\/v2\/posts\/19368\/revisions"}],"wp:featuredmedia":[{"embeddable":true,"href":"https:\/\/www.berkinder.com\/ca\/wp-json\/wp\/v2\/media\/19294"}],"wp:attachment":[{"href":"https:\/\/www.berkinder.com\/ca\/wp-json\/wp\/v2\/media?parent=19368"}],"wp:term":[{"taxonomy":"category","embeddable":true,"href":"https:\/\/www.berkinder.com\/ca\/wp-json\/wp\/v2\/categories?post=19368"},{"taxonomy":"post_tag","embeddable":true,"href":"https:\/\/www.berkinder.com\/ca\/wp-json\/wp\/v2\/tags?post=19368"}],"curies":[{"name":"wp","href":"https:\/\/api.w.org\/{rel}","templated":true}]}}