{"id":19396,"date":"2023-01-03T11:57:19","date_gmt":"2023-01-03T10:57:19","guid":{"rendered":"https:\/\/www.berkinder.com\/gestoria-de-alquileres-en-barcelona\/"},"modified":"2023-01-03T11:57:19","modified_gmt":"2023-01-03T10:57:19","slug":"gestoria-de-alquileres-en-barcelona","status":"publish","type":"post","link":"https:\/\/www.berkinder.com\/ca\/gestoria-de-alquileres-en-barcelona\/","title":{"rendered":"Gestoria de alquileres en Barcelona"},"content":{"rendered":"<h3 data-fontsize=\"24\" data-lineheight=\"36px\"><\/h3>\n<p>&nbsp;<\/p>\n<h3 class=\"fusion-responsive-typography-calculated\" data-fontsize=\"24\" data-lineheight=\"36px\"><b>BERKINDER es una empresa especializada en la gesti\u00f3n integral del alquiler de inmuebles desde 1966\u00a0<\/b><\/h3>\n<p><span style=\"color: #ffffff;\">.<\/span><strong>Los siguientes son algunos de los servicios que ofrecemos con unos honorarios muy razonables<\/strong> <strong>\u00a0(locales, viviendas y oficinas) :<\/strong><\/p>\n<p>\u2022 Redacci\u00f3n de contratos de alquiler ajustados al inter\u00e9s del cliente y a la Ley en vigor en cada momento.<\/p>\n<p>\u2022 Pagar los impuestos que correspondan al inmueble. Liquidaci\u00f3n del IVA, Impuesto Bienes Inmuebles, retenciones IRPF, etc.<\/p>\n<p>\u2022 Actualizar alquiler cada a\u00f1o a la inflaci\u00f3n.\u00a0 IPC<\/p>\n<p>\u2022 Cambio titularidad suministros.<\/p>\n<p>\u2022 Actuar como interlocutores de todas incidencias de un alquiler: inquilinos, vecinos, contratistas, empresas de alarmas, suministros (ENDESA, AGBAR, etc), Ayuntamiento, INCASOL, Generalitat, etc<\/p>\n<p>\u2022 Realizamos liquidaciones mensuales detalladas a la propiedad<\/p>\n<p>\u2022 Gestionamos las comunicaciones formales e informales con los inquilinos (subida de renta por IPC, anexos, rescisiones, finalizaci\u00f3n contrato subrogaciones, etc.)<\/p>\n<p>\u2022 Representamos y defendemos los intereses del propietario frente\u00a0 al Ayuntamiento, la Comunidad de Propietarios, compa\u00f1\u00edas de seguros, los vecinos de la propiedad o cualquier persona que perturbe la propiedad.<\/p>\n<p>\u2022 La asistencia a las reuniones de la Comunidad de propietarios en representaci\u00f3n del propietario cuando sea necesario.<\/p>\n<p>\u2022 Pagar o hacer pagar los gastos de Comunidad e IBI (Impuesto de Bienes Inmuebles) en representaci\u00f3n del propietario (deduciendo dichos pagos de las rentas a liquidar) .<\/p>\n<p>\u2022 Coordinar y ayudar a los arrendatarios a cambiar la domiciliaci\u00f3n o titularidad de los suministros (incluidos los nuevos contratos de suministros b\u00e1sicos como agua, gas y electricidad).<\/p>\n<p>\u2022 Custodia de un juego de llaves de la propiedad del cliente.<\/p>\n<p>\u2022 Custodia de contrato de arrendamiento y documentos relacionados con el inmueble.<\/p>\n<p>\u2022 Coordinar todos los problemas de mantenimiento y verificar el trabajo realizado.<\/p>\n<p>\u2022 Enviar facturas y fotos del trabajo realizado electr\u00f3nicamente al propietario.<\/p>\n<p>\u2022 Las reparaciones urgentes y las inferiores a 120 \u20ac no necesitar\u00e1n de la aprobaci\u00f3n previa del cliente propietario para realizarse.<\/p>\n<p>\u2022 Inspecciones a la entrada y salida del piso, local u oficina.<\/p>\n<p>\u2022 Emitir facturas cuando sea necesario.<\/p>\n<p><strong>En BERKINDER ofrecemos asesoramiento legal, servicios de intermediaci\u00f3n en la compra y venta de inmuebles, estudios de mercado y la experiencia de m\u00e1s de 40 a\u00f1os invirtiendo y asesorando a inversores en Barcelona. No dude en ponerse en contacto con nosotros \u00a1<\/strong><\/p>\n<p>Tel\u00e9fono: +34 692112284 +34 932098109<\/p>\n<p>[contact-form-7 id=&#8221;18794&#8243; title=&#8221;Contacto GESTORIA IMPUESTOS espagnol&#8221;]<\/p>\n","protected":false},"excerpt":{"rendered":"<p>&nbsp; BERKINDER es una empresa especializada en la gesti\u00f3n integral del alquiler de inmuebles desde 1966\u00a0 .Los siguientes son algunos de los servicios que ofrecemos con unos honorarios muy razonables \u00a0(locales, viviendas y oficinas) : \u2022 Redacci\u00f3n de contratos de alquiler ajustados al inter\u00e9s del cliente y a la Ley en vigor en cada momento. [&hellip;]<\/p>\n","protected":false},"author":2,"featured_media":19314,"comment_status":"open","ping_status":"open","sticky":false,"template":"","format":"standard","meta":{"footnotes":""},"categories":[52,7],"tags":[],"class_list":["post-19396","post","type-post","status-publish","format-standard","has-post-thumbnail","hentry","category-business-ca","category-sin-categorizar"],"yoast_head":"<!-- This site is optimized with the Yoast SEO plugin v25.2 - https:\/\/yoast.com\/wordpress\/plugins\/seo\/ -->\n<title>Gestoria de alquileres en Barcelona - Berkinder - Property Management Barcelona<\/title>\n<meta name=\"robots\" content=\"index, follow, max-snippet:-1, max-image-preview:large, max-video-preview:-1\" \/>\n<link rel=\"canonical\" href=\"https:\/\/www.berkinder.com\/gestoria-de-alquileres-en-barcelona\/\" \/>\n<meta property=\"og:locale\" content=\"ca_ES\" \/>\n<meta property=\"og:type\" content=\"article\" \/>\n<meta property=\"og:title\" content=\"Gestoria de alquileres en Barcelona - Berkinder - Property Management Barcelona\" \/>\n<meta property=\"og:description\" content=\"&nbsp; BERKINDER es una empresa especializada en la gesti\u00f3n integral del alquiler de inmuebles desde 1966\u00a0 .Los siguientes son algunos de los servicios que ofrecemos con unos honorarios muy razonables \u00a0(locales, viviendas y oficinas) : \u2022 Redacci\u00f3n de contratos de alquiler ajustados al inter\u00e9s del cliente y a la Ley en vigor en cada momento. [&hellip;]\" \/>\n<meta property=\"og:url\" content=\"https:\/\/www.berkinder.com\/gestoria-de-alquileres-en-barcelona\/\" \/>\n<meta property=\"og:site_name\" content=\"Berkinder - Property Management Barcelona\" \/>\n<meta property=\"article:published_time\" content=\"2023-01-03T10:57:19+00:00\" \/>\n<meta property=\"og:image\" content=\"https:\/\/www.berkinder.com\/wp-content\/uploads\/2021\/11\/barcelona_1164_cartoon.jpg\" \/>\n\t<meta property=\"og:image:width\" content=\"1164\" \/>\n\t<meta property=\"og:image:height\" content=\"420\" \/>\n\t<meta property=\"og:image:type\" content=\"image\/jpeg\" \/>\n<meta name=\"author\" content=\"carles\" \/>\n<meta name=\"twitter:card\" content=\"summary_large_image\" \/>\n<meta name=\"twitter:label1\" content=\"Escrit per\" \/>\n\t<meta name=\"twitter:data1\" content=\"carles\" \/>\n\t<meta name=\"twitter:label2\" content=\"Temps estimat de lectura\" \/>\n\t<meta name=\"twitter:data2\" content=\"2 minuts\" \/>\n<script type=\"application\/ld+json\" class=\"yoast-schema-graph\">{\"@context\":\"https:\/\/schema.org\",\"@graph\":[{\"@type\":\"WebPage\",\"@id\":\"https:\/\/www.berkinder.com\/gestoria-de-alquileres-en-barcelona\/\",\"url\":\"https:\/\/www.berkinder.com\/gestoria-de-alquileres-en-barcelona\/\",\"name\":\"Gestoria de alquileres en Barcelona - Berkinder - Property Management Barcelona\",\"isPartOf\":{\"@id\":\"https:\/\/www.berkinder.com\/#website\"},\"primaryImageOfPage\":{\"@id\":\"https:\/\/www.berkinder.com\/gestoria-de-alquileres-en-barcelona\/#primaryimage\"},\"image\":{\"@id\":\"https:\/\/www.berkinder.com\/gestoria-de-alquileres-en-barcelona\/#primaryimage\"},\"thumbnailUrl\":\"https:\/\/www.berkinder.com\/wp-content\/uploads\/2021\/11\/barcelona_1164_cartoon.jpg\",\"datePublished\":\"2023-01-03T10:57:19+00:00\",\"author\":{\"@id\":\"https:\/\/www.berkinder.com\/#\/schema\/person\/1ad6b78dcd2165cb9780ffa274246250\"},\"breadcrumb\":{\"@id\":\"https:\/\/www.berkinder.com\/gestoria-de-alquileres-en-barcelona\/#breadcrumb\"},\"inLanguage\":\"ca\",\"potentialAction\":[{\"@type\":\"ReadAction\",\"target\":[\"https:\/\/www.berkinder.com\/gestoria-de-alquileres-en-barcelona\/\"]}]},{\"@type\":\"ImageObject\",\"inLanguage\":\"ca\",\"@id\":\"https:\/\/www.berkinder.com\/gestoria-de-alquileres-en-barcelona\/#primaryimage\",\"url\":\"https:\/\/www.berkinder.com\/wp-content\/uploads\/2021\/11\/barcelona_1164_cartoon.jpg\",\"contentUrl\":\"https:\/\/www.berkinder.com\/wp-content\/uploads\/2021\/11\/barcelona_1164_cartoon.jpg\",\"width\":1164,\"height\":420},{\"@type\":\"BreadcrumbList\",\"@id\":\"https:\/\/www.berkinder.com\/gestoria-de-alquileres-en-barcelona\/#breadcrumb\",\"itemListElement\":[{\"@type\":\"ListItem\",\"position\":1,\"name\":\"Portada\",\"item\":\"https:\/\/www.berkinder.com\/ca\/\"},{\"@type\":\"ListItem\",\"position\":2,\"name\":\"Gestoria de alquileres en Barcelona\"}]},{\"@type\":\"WebSite\",\"@id\":\"https:\/\/www.berkinder.com\/#website\",\"url\":\"https:\/\/www.berkinder.com\/\",\"name\":\"Berkinder - Property Management Barcelona\",\"description\":\"Property management &amp; Real Estate in Barcelona\",\"potentialAction\":[{\"@type\":\"SearchAction\",\"target\":{\"@type\":\"EntryPoint\",\"urlTemplate\":\"https:\/\/www.berkinder.com\/?s={search_term_string}\"},\"query-input\":{\"@type\":\"PropertyValueSpecification\",\"valueRequired\":true,\"valueName\":\"search_term_string\"}}],\"inLanguage\":\"ca\"},{\"@type\":\"Person\",\"@id\":\"https:\/\/www.berkinder.com\/#\/schema\/person\/1ad6b78dcd2165cb9780ffa274246250\",\"name\":\"carles\",\"image\":{\"@type\":\"ImageObject\",\"inLanguage\":\"ca\",\"@id\":\"https:\/\/www.berkinder.com\/#\/schema\/person\/image\/\",\"url\":\"https:\/\/secure.gravatar.com\/avatar\/92a7b9c13a52fcaf3a08f101816a4a5a088537afc72ab7d0b1aaeebcde01ddaa?s=96&d=mm&r=g\",\"contentUrl\":\"https:\/\/secure.gravatar.com\/avatar\/92a7b9c13a52fcaf3a08f101816a4a5a088537afc72ab7d0b1aaeebcde01ddaa?s=96&d=mm&r=g\",\"caption\":\"carles\"},\"url\":\"https:\/\/www.berkinder.com\/ca\/author\/carles\/\"}]}<\/script>\n<!-- \/ Yoast SEO plugin. -->","yoast_head_json":{"title":"Gestoria de alquileres en Barcelona - Berkinder - Property Management Barcelona","robots":{"index":"index","follow":"follow","max-snippet":"max-snippet:-1","max-image-preview":"max-image-preview:large","max-video-preview":"max-video-preview:-1"},"canonical":"https:\/\/www.berkinder.com\/gestoria-de-alquileres-en-barcelona\/","og_locale":"ca_ES","og_type":"article","og_title":"Gestoria de alquileres en Barcelona - Berkinder - Property Management Barcelona","og_description":"&nbsp; BERKINDER es una empresa especializada en la gesti\u00f3n integral del alquiler de inmuebles desde 1966\u00a0 .Los siguientes son algunos de los servicios que ofrecemos con unos honorarios muy razonables \u00a0(locales, viviendas y oficinas) : \u2022 Redacci\u00f3n de contratos de alquiler ajustados al inter\u00e9s del cliente y a la Ley en vigor en cada momento. [&hellip;]","og_url":"https:\/\/www.berkinder.com\/gestoria-de-alquileres-en-barcelona\/","og_site_name":"Berkinder - Property Management Barcelona","article_published_time":"2023-01-03T10:57:19+00:00","og_image":[{"width":1164,"height":420,"url":"https:\/\/www.berkinder.com\/wp-content\/uploads\/2021\/11\/barcelona_1164_cartoon.jpg","type":"image\/jpeg"}],"author":"carles","twitter_card":"summary_large_image","twitter_misc":{"Escrit per":"carles","Temps estimat de lectura":"2 minuts"},"schema":{"@context":"https:\/\/schema.org","@graph":[{"@type":"WebPage","@id":"https:\/\/www.berkinder.com\/gestoria-de-alquileres-en-barcelona\/","url":"https:\/\/www.berkinder.com\/gestoria-de-alquileres-en-barcelona\/","name":"Gestoria de alquileres en Barcelona - Berkinder - Property Management Barcelona","isPartOf":{"@id":"https:\/\/www.berkinder.com\/#website"},"primaryImageOfPage":{"@id":"https:\/\/www.berkinder.com\/gestoria-de-alquileres-en-barcelona\/#primaryimage"},"image":{"@id":"https:\/\/www.berkinder.com\/gestoria-de-alquileres-en-barcelona\/#primaryimage"},"thumbnailUrl":"https:\/\/www.berkinder.com\/wp-content\/uploads\/2021\/11\/barcelona_1164_cartoon.jpg","datePublished":"2023-01-03T10:57:19+00:00","author":{"@id":"https:\/\/www.berkinder.com\/#\/schema\/person\/1ad6b78dcd2165cb9780ffa274246250"},"breadcrumb":{"@id":"https:\/\/www.berkinder.com\/gestoria-de-alquileres-en-barcelona\/#breadcrumb"},"inLanguage":"ca","potentialAction":[{"@type":"ReadAction","target":["https:\/\/www.berkinder.com\/gestoria-de-alquileres-en-barcelona\/"]}]},{"@type":"ImageObject","inLanguage":"ca","@id":"https:\/\/www.berkinder.com\/gestoria-de-alquileres-en-barcelona\/#primaryimage","url":"https:\/\/www.berkinder.com\/wp-content\/uploads\/2021\/11\/barcelona_1164_cartoon.jpg","contentUrl":"https:\/\/www.berkinder.com\/wp-content\/uploads\/2021\/11\/barcelona_1164_cartoon.jpg","width":1164,"height":420},{"@type":"BreadcrumbList","@id":"https:\/\/www.berkinder.com\/gestoria-de-alquileres-en-barcelona\/#breadcrumb","itemListElement":[{"@type":"ListItem","position":1,"name":"Portada","item":"https:\/\/www.berkinder.com\/ca\/"},{"@type":"ListItem","position":2,"name":"Gestoria de alquileres en Barcelona"}]},{"@type":"WebSite","@id":"https:\/\/www.berkinder.com\/#website","url":"https:\/\/www.berkinder.com\/","name":"Berkinder - Property Management Barcelona","description":"Property management &amp; Real Estate in Barcelona","potentialAction":[{"@type":"SearchAction","target":{"@type":"EntryPoint","urlTemplate":"https:\/\/www.berkinder.com\/?s={search_term_string}"},"query-input":{"@type":"PropertyValueSpecification","valueRequired":true,"valueName":"search_term_string"}}],"inLanguage":"ca"},{"@type":"Person","@id":"https:\/\/www.berkinder.com\/#\/schema\/person\/1ad6b78dcd2165cb9780ffa274246250","name":"carles","image":{"@type":"ImageObject","inLanguage":"ca","@id":"https:\/\/www.berkinder.com\/#\/schema\/person\/image\/","url":"https:\/\/secure.gravatar.com\/avatar\/92a7b9c13a52fcaf3a08f101816a4a5a088537afc72ab7d0b1aaeebcde01ddaa?s=96&d=mm&r=g","contentUrl":"https:\/\/secure.gravatar.com\/avatar\/92a7b9c13a52fcaf3a08f101816a4a5a088537afc72ab7d0b1aaeebcde01ddaa?s=96&d=mm&r=g","caption":"carles"},"url":"https:\/\/www.berkinder.com\/ca\/author\/carles\/"}]}},"_links":{"self":[{"href":"https:\/\/www.berkinder.com\/ca\/wp-json\/wp\/v2\/posts\/19396","targetHints":{"allow":["GET"]}}],"collection":[{"href":"https:\/\/www.berkinder.com\/ca\/wp-json\/wp\/v2\/posts"}],"about":[{"href":"https:\/\/www.berkinder.com\/ca\/wp-json\/wp\/v2\/types\/post"}],"author":[{"embeddable":true,"href":"https:\/\/www.berkinder.com\/ca\/wp-json\/wp\/v2\/users\/2"}],"replies":[{"embeddable":true,"href":"https:\/\/www.berkinder.com\/ca\/wp-json\/wp\/v2\/comments?post=19396"}],"version-history":[{"count":0,"href":"https:\/\/www.berkinder.com\/ca\/wp-json\/wp\/v2\/posts\/19396\/revisions"}],"wp:featuredmedia":[{"embeddable":true,"href":"https:\/\/www.berkinder.com\/ca\/wp-json\/wp\/v2\/media\/19314"}],"wp:attachment":[{"href":"https:\/\/www.berkinder.com\/ca\/wp-json\/wp\/v2\/media?parent=19396"}],"wp:term":[{"taxonomy":"category","embeddable":true,"href":"https:\/\/www.berkinder.com\/ca\/wp-json\/wp\/v2\/categories?post=19396"},{"taxonomy":"post_tag","embeddable":true,"href":"https:\/\/www.berkinder.com\/ca\/wp-json\/wp\/v2\/tags?post=19396"}],"curies":[{"name":"wp","href":"https:\/\/api.w.org\/{rel}","templated":true}]}}