{"id":19460,"date":"2019-12-12T09:45:43","date_gmt":"2019-12-12T08:45:43","guid":{"rendered":"https:\/\/www.berkinder.com\/espacioso-y-soleado-piso-en-sant-gervasi-galvany\/"},"modified":"2019-12-12T09:45:43","modified_gmt":"2019-12-12T08:45:43","slug":"espacioso-y-soleado-piso-en-sant-gervasi-galvany","status":"publish","type":"post","link":"https:\/\/www.berkinder.com\/ca\/espacioso-y-soleado-piso-en-sant-gervasi-galvany\/","title":{"rendered":"Espacioso y soleado piso en Sant Gervasi &#8211; Galvany"},"content":{"rendered":"<p>Piso en finca se\u00f1orial t\u00edpica de la zona alta de la ciudad, en una cuarta planta. La vivienda consta de 6 habitaciones, 3 de ellas son dobles y exteriores, una individual exterior y dos habitaciones interiores.<br \/>\nSe trata de un piso con mucha luz por ser alto y por encontrarse en una calle amplia y de una cuarta planta de altura. La zona noble del piso cuenta con parquet natural.<\/p>\n<p>El piso deber\u00eda actualizarse.<\/p>\n<p>La vivienda dispone de una amplia terraza en el sal\u00f3n y de un balc\u00f3n en la habitaci\u00f3n principal muy aprovechable para tener plantas.<\/p>\n<p>La compra de esta vivienda es una buena oportunidad por tama\u00f1o y zona.<\/p>\n<p>Es posible segregar (dividir) el piso en 2 y hacer dos viviendas aut\u00f3nomas con una acceso diferente para cada una de ellas que ya existe (la vivienda actual tiene 2 puertas de acceso)<\/p>\n<p>Este encantador piso se encuentra ubicado en un excelente zona de la ciudad como es Sant Gervasi. Concretamente est\u00e1 en la calle Balmes, con orientaci\u00f3n el sal\u00f3n y una habitaci\u00f3n doble hacia Balmes (Tarragona) y los otros dormitorios a la tranquila calle Manuel Angel\u00f3n.<br \/>\nNos encontramos a un paso tanto la Avenida General Mitre por arriba, como de la calle Balmes al lado y la Via Augusta por abajo, principales arterias para poder llegar f\u00e1cil y r\u00e1pidamente a otras zonas de la ciudad. Sin olvidar la Plaza Molina a apenas 5 minutos tambi\u00e9n. Por otro lado, encontramos todo tipo de servicios de barrio: supermercados, centros m\u00e9dicos, escuelas, restaurantes, gasolinera y tiendas en general. En cuanto a transporte p\u00fablico Tenemos una parada de Ferrocarrils de la Generalitat a un minuto (P\u00e1dua) y multitud de autobuses que llevan tanto a la zona alta de colegios de la Bonanova, como tambi\u00e9n al centro de la ciudad.<\/p>\n<p>En la zona hay varios garajes. En Manuel Angel\u00f3n por ejemplo.<\/p>\n<p>A las visitas les facilitaremos un plano de la vivienda y toda aquella ayuda que necesiten sobre el mismo.<\/p>\n<p>Ll\u00e1menos y le ense\u00f1aremos el piso encantados!<\/p>\n<p>Inmueble comercializado por BERKINDER.<\/p>\n<p>[contact-form-7 id=&#8221;16410&#8243; title=&#8221;Formulario de contacto 1&#8243;]<\/p>\n","protected":false},"excerpt":{"rendered":"<p>Piso en finca se\u00f1orial t\u00edpica de la zona alta de la ciudad, en una cuarta planta. La vivienda consta de 6 habitaciones, 3 de ellas son dobles y exteriores, una individual exterior y dos habitaciones interiores. Se trata de un piso con mucha luz por ser alto y por encontrarse en una calle amplia y [&hellip;]<\/p>\n","protected":false},"author":1,"featured_media":0,"comment_status":"open","ping_status":"open","sticky":false,"template":"","format":"video","meta":{"footnotes":""},"categories":[84,7],"tags":[85],"class_list":["post-19460","post","type-post","status-publish","format-video","hentry","category-en-venta-ca","category-sin-categorizar","tag-balmes-ca","post_format-post-format-video"],"yoast_head":"<!-- This site is optimized with the Yoast SEO plugin v25.2 - https:\/\/yoast.com\/wordpress\/plugins\/seo\/ -->\n<title>Espacioso y soleado piso en Sant Gervasi - Galvany - Berkinder - Property Management Barcelona<\/title>\n<meta name=\"robots\" content=\"index, follow, max-snippet:-1, max-image-preview:large, max-video-preview:-1\" \/>\n<link rel=\"canonical\" href=\"https:\/\/www.berkinder.com\/espacioso-y-soleado-piso-en-sant-gervasi-galvany\/\" \/>\n<meta property=\"og:locale\" content=\"ca_ES\" \/>\n<meta property=\"og:type\" content=\"article\" \/>\n<meta property=\"og:title\" content=\"Espacioso y soleado piso en Sant Gervasi - Galvany - Berkinder - Property Management Barcelona\" \/>\n<meta property=\"og:description\" content=\"Piso en finca se\u00f1orial t\u00edpica de la zona alta de la ciudad, en una cuarta planta. La vivienda consta de 6 habitaciones, 3 de ellas son dobles y exteriores, una individual exterior y dos habitaciones interiores. Se trata de un piso con mucha luz por ser alto y por encontrarse en una calle amplia y [&hellip;]\" \/>\n<meta property=\"og:url\" content=\"https:\/\/www.berkinder.com\/espacioso-y-soleado-piso-en-sant-gervasi-galvany\/\" \/>\n<meta property=\"og:site_name\" content=\"Berkinder - Property Management Barcelona\" \/>\n<meta property=\"article:published_time\" content=\"2019-12-12T08:45:43+00:00\" \/>\n<meta name=\"author\" content=\"xcom\" \/>\n<meta name=\"twitter:card\" content=\"summary_large_image\" \/>\n<meta name=\"twitter:label1\" content=\"Escrit per\" \/>\n\t<meta name=\"twitter:data1\" content=\"xcom\" \/>\n\t<meta name=\"twitter:label2\" content=\"Temps estimat de lectura\" \/>\n\t<meta name=\"twitter:data2\" content=\"2 minuts\" \/>\n<script type=\"application\/ld+json\" class=\"yoast-schema-graph\">{\"@context\":\"https:\/\/schema.org\",\"@graph\":[{\"@type\":\"WebPage\",\"@id\":\"https:\/\/www.berkinder.com\/espacioso-y-soleado-piso-en-sant-gervasi-galvany\/\",\"url\":\"https:\/\/www.berkinder.com\/espacioso-y-soleado-piso-en-sant-gervasi-galvany\/\",\"name\":\"Espacioso y soleado piso en Sant Gervasi - Galvany - Berkinder - Property Management Barcelona\",\"isPartOf\":{\"@id\":\"https:\/\/www.berkinder.com\/#website\"},\"datePublished\":\"2019-12-12T08:45:43+00:00\",\"author\":{\"@id\":\"https:\/\/www.berkinder.com\/#\/schema\/person\/fd77e4bebe04b252768398f89cab7505\"},\"breadcrumb\":{\"@id\":\"https:\/\/www.berkinder.com\/espacioso-y-soleado-piso-en-sant-gervasi-galvany\/#breadcrumb\"},\"inLanguage\":\"ca\",\"potentialAction\":[{\"@type\":\"ReadAction\",\"target\":[\"https:\/\/www.berkinder.com\/espacioso-y-soleado-piso-en-sant-gervasi-galvany\/\"]}]},{\"@type\":\"BreadcrumbList\",\"@id\":\"https:\/\/www.berkinder.com\/espacioso-y-soleado-piso-en-sant-gervasi-galvany\/#breadcrumb\",\"itemListElement\":[{\"@type\":\"ListItem\",\"position\":1,\"name\":\"Portada\",\"item\":\"https:\/\/www.berkinder.com\/ca\/\"},{\"@type\":\"ListItem\",\"position\":2,\"name\":\"Espacioso y soleado piso en Sant Gervasi &#8211; Galvany\"}]},{\"@type\":\"WebSite\",\"@id\":\"https:\/\/www.berkinder.com\/#website\",\"url\":\"https:\/\/www.berkinder.com\/\",\"name\":\"Berkinder - Property Management Barcelona\",\"description\":\"Property management &amp; Real Estate in Barcelona\",\"potentialAction\":[{\"@type\":\"SearchAction\",\"target\":{\"@type\":\"EntryPoint\",\"urlTemplate\":\"https:\/\/www.berkinder.com\/?s={search_term_string}\"},\"query-input\":{\"@type\":\"PropertyValueSpecification\",\"valueRequired\":true,\"valueName\":\"search_term_string\"}}],\"inLanguage\":\"ca\"},{\"@type\":\"Person\",\"@id\":\"https:\/\/www.berkinder.com\/#\/schema\/person\/fd77e4bebe04b252768398f89cab7505\",\"name\":\"xcom\",\"image\":{\"@type\":\"ImageObject\",\"inLanguage\":\"ca\",\"@id\":\"https:\/\/www.berkinder.com\/#\/schema\/person\/image\/\",\"url\":\"https:\/\/secure.gravatar.com\/avatar\/ed240cb80351b6eaef3761a83b3cc36589b7e85d810cf3853d46b7695b0a3f45?s=96&d=mm&r=g\",\"contentUrl\":\"https:\/\/secure.gravatar.com\/avatar\/ed240cb80351b6eaef3761a83b3cc36589b7e85d810cf3853d46b7695b0a3f45?s=96&d=mm&r=g\",\"caption\":\"xcom\"},\"sameAs\":[\"https:\/\/www.berkinder.com\"],\"url\":\"https:\/\/www.berkinder.com\/ca\/author\/xcom\/\"}]}<\/script>\n<!-- \/ Yoast SEO plugin. -->","yoast_head_json":{"title":"Espacioso y soleado piso en Sant Gervasi - Galvany - Berkinder - Property Management Barcelona","robots":{"index":"index","follow":"follow","max-snippet":"max-snippet:-1","max-image-preview":"max-image-preview:large","max-video-preview":"max-video-preview:-1"},"canonical":"https:\/\/www.berkinder.com\/espacioso-y-soleado-piso-en-sant-gervasi-galvany\/","og_locale":"ca_ES","og_type":"article","og_title":"Espacioso y soleado piso en Sant Gervasi - Galvany - Berkinder - Property Management Barcelona","og_description":"Piso en finca se\u00f1orial t\u00edpica de la zona alta de la ciudad, en una cuarta planta. La vivienda consta de 6 habitaciones, 3 de ellas son dobles y exteriores, una individual exterior y dos habitaciones interiores. Se trata de un piso con mucha luz por ser alto y por encontrarse en una calle amplia y [&hellip;]","og_url":"https:\/\/www.berkinder.com\/espacioso-y-soleado-piso-en-sant-gervasi-galvany\/","og_site_name":"Berkinder - Property Management Barcelona","article_published_time":"2019-12-12T08:45:43+00:00","author":"xcom","twitter_card":"summary_large_image","twitter_misc":{"Escrit per":"xcom","Temps estimat de lectura":"2 minuts"},"schema":{"@context":"https:\/\/schema.org","@graph":[{"@type":"WebPage","@id":"https:\/\/www.berkinder.com\/espacioso-y-soleado-piso-en-sant-gervasi-galvany\/","url":"https:\/\/www.berkinder.com\/espacioso-y-soleado-piso-en-sant-gervasi-galvany\/","name":"Espacioso y soleado piso en Sant Gervasi - Galvany - Berkinder - Property Management Barcelona","isPartOf":{"@id":"https:\/\/www.berkinder.com\/#website"},"datePublished":"2019-12-12T08:45:43+00:00","author":{"@id":"https:\/\/www.berkinder.com\/#\/schema\/person\/fd77e4bebe04b252768398f89cab7505"},"breadcrumb":{"@id":"https:\/\/www.berkinder.com\/espacioso-y-soleado-piso-en-sant-gervasi-galvany\/#breadcrumb"},"inLanguage":"ca","potentialAction":[{"@type":"ReadAction","target":["https:\/\/www.berkinder.com\/espacioso-y-soleado-piso-en-sant-gervasi-galvany\/"]}]},{"@type":"BreadcrumbList","@id":"https:\/\/www.berkinder.com\/espacioso-y-soleado-piso-en-sant-gervasi-galvany\/#breadcrumb","itemListElement":[{"@type":"ListItem","position":1,"name":"Portada","item":"https:\/\/www.berkinder.com\/ca\/"},{"@type":"ListItem","position":2,"name":"Espacioso y soleado piso en Sant Gervasi &#8211; Galvany"}]},{"@type":"WebSite","@id":"https:\/\/www.berkinder.com\/#website","url":"https:\/\/www.berkinder.com\/","name":"Berkinder - Property Management Barcelona","description":"Property management &amp; Real Estate in Barcelona","potentialAction":[{"@type":"SearchAction","target":{"@type":"EntryPoint","urlTemplate":"https:\/\/www.berkinder.com\/?s={search_term_string}"},"query-input":{"@type":"PropertyValueSpecification","valueRequired":true,"valueName":"search_term_string"}}],"inLanguage":"ca"},{"@type":"Person","@id":"https:\/\/www.berkinder.com\/#\/schema\/person\/fd77e4bebe04b252768398f89cab7505","name":"xcom","image":{"@type":"ImageObject","inLanguage":"ca","@id":"https:\/\/www.berkinder.com\/#\/schema\/person\/image\/","url":"https:\/\/secure.gravatar.com\/avatar\/ed240cb80351b6eaef3761a83b3cc36589b7e85d810cf3853d46b7695b0a3f45?s=96&d=mm&r=g","contentUrl":"https:\/\/secure.gravatar.com\/avatar\/ed240cb80351b6eaef3761a83b3cc36589b7e85d810cf3853d46b7695b0a3f45?s=96&d=mm&r=g","caption":"xcom"},"sameAs":["https:\/\/www.berkinder.com"],"url":"https:\/\/www.berkinder.com\/ca\/author\/xcom\/"}]}},"_links":{"self":[{"href":"https:\/\/www.berkinder.com\/ca\/wp-json\/wp\/v2\/posts\/19460","targetHints":{"allow":["GET"]}}],"collection":[{"href":"https:\/\/www.berkinder.com\/ca\/wp-json\/wp\/v2\/posts"}],"about":[{"href":"https:\/\/www.berkinder.com\/ca\/wp-json\/wp\/v2\/types\/post"}],"author":[{"embeddable":true,"href":"https:\/\/www.berkinder.com\/ca\/wp-json\/wp\/v2\/users\/1"}],"replies":[{"embeddable":true,"href":"https:\/\/www.berkinder.com\/ca\/wp-json\/wp\/v2\/comments?post=19460"}],"version-history":[{"count":0,"href":"https:\/\/www.berkinder.com\/ca\/wp-json\/wp\/v2\/posts\/19460\/revisions"}],"wp:attachment":[{"href":"https:\/\/www.berkinder.com\/ca\/wp-json\/wp\/v2\/media?parent=19460"}],"wp:term":[{"taxonomy":"category","embeddable":true,"href":"https:\/\/www.berkinder.com\/ca\/wp-json\/wp\/v2\/categories?post=19460"},{"taxonomy":"post_tag","embeddable":true,"href":"https:\/\/www.berkinder.com\/ca\/wp-json\/wp\/v2\/tags?post=19460"}],"curies":[{"name":"wp","href":"https:\/\/api.w.org\/{rel}","templated":true}]}}