{"id":19407,"date":"2022-02-10T17:03:24","date_gmt":"2022-02-10T17:03:24","guid":{"rendered":"https:\/\/www.berkinder.com\/la-inversion-inmobiliaria-en-leixample\/"},"modified":"2024-07-09T14:14:13","modified_gmt":"2024-07-09T14:14:13","slug":"la-inversion-inmobiliaria-en-leixample","status":"publish","type":"post","link":"https:\/\/www.berkinder.com\/en\/la-inversion-inmobiliaria-en-leixample\/","title":{"rendered":"La inversi\u00f3n inmobiliaria en l&#8217; Eixample"},"content":{"rendered":"<p><img fetchpriority=\"high\" decoding=\"async\" class=\"alignnone size-full wp-image-18478\" src=\"https:\/\/www.berkinder.com\/wp-content\/uploads\/2019\/12\/Eixample-Housing-market-sales-rental.jpg\" alt=\"Eixample hosing prices\" width=\"2063\" height=\"684\" \/><\/p>\n<p>Los barrios del distrito del Eixample son <a href=\"https:\/\/goo.gl\/maps\/WMzjTwKQeSt3Liig9\">El Fort Pienc<\/a>, La <a href=\"https:\/\/goo.gl\/maps\/UFa3u5UYcGciq6iV7\">Dreta de l\u2019Eixample<\/a>, l\u2019<a href=\"https:\/\/goo.gl\/maps\/dFULdnTJpA2tDom8A\">Esquerra de l\u2019Eixample<\/a>, <a href=\"https:\/\/goo.gl\/maps\/CVCqRAbz7oJDnc116\">La Nova Esquerra de l\u2019Eixample<\/a> y <a href=\"https:\/\/goo.gl\/maps\/aB4GsVWoiv4uVbPy8\">Sant Antoni.<\/a> El Eixample se caracteriza por largas calles rectas, un estricto patr\u00f3n de cuadr\u00edcula atravesado por amplias avenidas y manzanas cuadradas con esquinas biseladas (llamadas illes en catal\u00e1n, manzanas en espa\u00f1ol). Este fue un dise\u00f1o visionario y pionero de Ildefons Cerd\u00e0, quien consider\u00f3 el tr\u00e1fico y el transporte junto con la luz solar y la ventilaci\u00f3n para crear sus caracter\u00edsticos bloques octogonales,<br \/>\ndonde las calles se ensanchan en cada cruce dando lugar a una mayor visibilidad, mejor ventilaci\u00f3n y hoy en d\u00eda alg\u00fan espacio de estacionamiento de corta estancia. Con 264.000 habitantes, el Eixample es el distrito con mayor denominaci\u00f3n de habitantes, el 16,4% de la poblaci\u00f3n de la ciudad. El peso de la poblaci\u00f3n extranjera es superior al conjunto de Barcelona con una composici\u00f3n donde predominan las nacionalidades italiana y china. Es un distrito con un nivel de ingresos por encima del promedio en la ciudad.<\/p>\n<p>[contact-form-7 id=&#8221;18504&#8243; title=&#8221;Form de contacto 1_ BLOG espagnol&#8221;]<\/p>\n","protected":false},"excerpt":{"rendered":"<p>Los barrios del distrito del Eixample son El Fort Pienc, La Dreta de l\u2019Eixample, l\u2019Esquerra de l\u2019Eixample, La Nova Esquerra de l\u2019Eixample y Sant Antoni. El Eixample se caracteriza por largas calles rectas, un estricto patr\u00f3n de cuadr\u00edcula atravesado por amplias avenidas y manzanas cuadradas con esquinas biseladas (llamadas illes en catal\u00e1n, manzanas en espa\u00f1ol). [&hellip;]<\/p>\n","protected":false},"author":1,"featured_media":19253,"comment_status":"open","ping_status":"open","sticky":false,"template":"","format":"standard","meta":{"footnotes":""},"categories":[50,60,57,51],"tags":[],"class_list":["post-19407","post","type-post","status-publish","format-standard","has-post-thumbnail","hentry","category-data-en","category-informe-en","category-invertir-en-inmuebles-en","category-sin-categoria-en"],"yoast_head":"<!-- This site is optimized with the Yoast SEO plugin v25.2 - https:\/\/yoast.com\/wordpress\/plugins\/seo\/ -->\n<title>La inversi\u00f3n inmobiliaria en l&#039; Eixample - Berkinder - Property Management Barcelona<\/title>\n<meta name=\"robots\" content=\"index, follow, max-snippet:-1, max-image-preview:large, max-video-preview:-1\" \/>\n<link rel=\"canonical\" href=\"https:\/\/www.berkinder.com\/la-inversion-inmobiliaria-en-leixample\/\" \/>\n<meta property=\"og:locale\" content=\"en_US\" \/>\n<meta property=\"og:type\" content=\"article\" \/>\n<meta property=\"og:title\" content=\"La inversi\u00f3n inmobiliaria en l&#039; Eixample - Berkinder - Property Management Barcelona\" \/>\n<meta property=\"og:description\" content=\"Los barrios del distrito del Eixample son El Fort Pienc, La Dreta de l\u2019Eixample, l\u2019Esquerra de l\u2019Eixample, La Nova Esquerra de l\u2019Eixample y Sant Antoni. El Eixample se caracteriza por largas calles rectas, un estricto patr\u00f3n de cuadr\u00edcula atravesado por amplias avenidas y manzanas cuadradas con esquinas biseladas (llamadas illes en catal\u00e1n, manzanas en espa\u00f1ol). [&hellip;]\" \/>\n<meta property=\"og:url\" content=\"https:\/\/www.berkinder.com\/la-inversion-inmobiliaria-en-leixample\/\" \/>\n<meta property=\"og:site_name\" content=\"Berkinder - Property Management Barcelona\" \/>\n<meta property=\"article:published_time\" content=\"2022-02-10T17:03:24+00:00\" \/>\n<meta property=\"article:modified_time\" content=\"2024-07-09T14:14:13+00:00\" \/>\n<meta property=\"og:image\" content=\"https:\/\/www.berkinder.com\/wp-content\/uploads\/2019\/10\/770x430-eixmple-district-barcelona.jpg\" \/>\n\t<meta property=\"og:image:width\" content=\"770\" \/>\n\t<meta property=\"og:image:height\" content=\"430\" \/>\n\t<meta property=\"og:image:type\" content=\"image\/jpeg\" \/>\n<meta name=\"author\" content=\"xcom\" \/>\n<meta name=\"twitter:card\" content=\"summary_large_image\" \/>\n<meta name=\"twitter:label1\" content=\"Written by\" \/>\n\t<meta name=\"twitter:data1\" content=\"xcom\" \/>\n\t<meta name=\"twitter:label2\" content=\"Est. reading time\" \/>\n\t<meta name=\"twitter:data2\" content=\"1 minute\" \/>\n<script type=\"application\/ld+json\" class=\"yoast-schema-graph\">{\"@context\":\"https:\/\/schema.org\",\"@graph\":[{\"@type\":\"WebPage\",\"@id\":\"https:\/\/www.berkinder.com\/la-inversion-inmobiliaria-en-leixample\/\",\"url\":\"https:\/\/www.berkinder.com\/la-inversion-inmobiliaria-en-leixample\/\",\"name\":\"La inversi\u00f3n inmobiliaria en l' Eixample - Berkinder - Property Management Barcelona\",\"isPartOf\":{\"@id\":\"https:\/\/www.berkinder.com\/#website\"},\"primaryImageOfPage\":{\"@id\":\"https:\/\/www.berkinder.com\/la-inversion-inmobiliaria-en-leixample\/#primaryimage\"},\"image\":{\"@id\":\"https:\/\/www.berkinder.com\/la-inversion-inmobiliaria-en-leixample\/#primaryimage\"},\"thumbnailUrl\":\"https:\/\/www.berkinder.com\/wp-content\/uploads\/2019\/10\/770x430-eixmple-district-barcelona.jpg\",\"datePublished\":\"2022-02-10T17:03:24+00:00\",\"dateModified\":\"2024-07-09T14:14:13+00:00\",\"author\":{\"@id\":\"https:\/\/www.berkinder.com\/#\/schema\/person\/fd77e4bebe04b252768398f89cab7505\"},\"breadcrumb\":{\"@id\":\"https:\/\/www.berkinder.com\/la-inversion-inmobiliaria-en-leixample\/#breadcrumb\"},\"inLanguage\":\"en-US\",\"potentialAction\":[{\"@type\":\"ReadAction\",\"target\":[\"https:\/\/www.berkinder.com\/la-inversion-inmobiliaria-en-leixample\/\"]}]},{\"@type\":\"ImageObject\",\"inLanguage\":\"en-US\",\"@id\":\"https:\/\/www.berkinder.com\/la-inversion-inmobiliaria-en-leixample\/#primaryimage\",\"url\":\"https:\/\/www.berkinder.com\/wp-content\/uploads\/2019\/10\/770x430-eixmple-district-barcelona.jpg\",\"contentUrl\":\"https:\/\/www.berkinder.com\/wp-content\/uploads\/2019\/10\/770x430-eixmple-district-barcelona.jpg\",\"width\":770,\"height\":430},{\"@type\":\"BreadcrumbList\",\"@id\":\"https:\/\/www.berkinder.com\/la-inversion-inmobiliaria-en-leixample\/#breadcrumb\",\"itemListElement\":[{\"@type\":\"ListItem\",\"position\":1,\"name\":\"Portada\",\"item\":\"https:\/\/www.berkinder.com\/en\/\"},{\"@type\":\"ListItem\",\"position\":2,\"name\":\"La inversi\u00f3n inmobiliaria en l&#8217; Eixample\"}]},{\"@type\":\"WebSite\",\"@id\":\"https:\/\/www.berkinder.com\/#website\",\"url\":\"https:\/\/www.berkinder.com\/\",\"name\":\"Berkinder - Property Management Barcelona\",\"description\":\"Property management &amp; Real Estate in Barcelona\",\"potentialAction\":[{\"@type\":\"SearchAction\",\"target\":{\"@type\":\"EntryPoint\",\"urlTemplate\":\"https:\/\/www.berkinder.com\/?s={search_term_string}\"},\"query-input\":{\"@type\":\"PropertyValueSpecification\",\"valueRequired\":true,\"valueName\":\"search_term_string\"}}],\"inLanguage\":\"en-US\"},{\"@type\":\"Person\",\"@id\":\"https:\/\/www.berkinder.com\/#\/schema\/person\/fd77e4bebe04b252768398f89cab7505\",\"name\":\"xcom\",\"image\":{\"@type\":\"ImageObject\",\"inLanguage\":\"en-US\",\"@id\":\"https:\/\/www.berkinder.com\/#\/schema\/person\/image\/\",\"url\":\"https:\/\/secure.gravatar.com\/avatar\/ed240cb80351b6eaef3761a83b3cc36589b7e85d810cf3853d46b7695b0a3f45?s=96&d=mm&r=g\",\"contentUrl\":\"https:\/\/secure.gravatar.com\/avatar\/ed240cb80351b6eaef3761a83b3cc36589b7e85d810cf3853d46b7695b0a3f45?s=96&d=mm&r=g\",\"caption\":\"xcom\"},\"sameAs\":[\"https:\/\/www.berkinder.com\"],\"url\":\"https:\/\/www.berkinder.com\/en\/author\/xcom\/\"}]}<\/script>\n<!-- \/ Yoast SEO plugin. -->","yoast_head_json":{"title":"La inversi\u00f3n inmobiliaria en l' Eixample - Berkinder - Property Management Barcelona","robots":{"index":"index","follow":"follow","max-snippet":"max-snippet:-1","max-image-preview":"max-image-preview:large","max-video-preview":"max-video-preview:-1"},"canonical":"https:\/\/www.berkinder.com\/la-inversion-inmobiliaria-en-leixample\/","og_locale":"en_US","og_type":"article","og_title":"La inversi\u00f3n inmobiliaria en l' Eixample - Berkinder - Property Management Barcelona","og_description":"Los barrios del distrito del Eixample son El Fort Pienc, La Dreta de l\u2019Eixample, l\u2019Esquerra de l\u2019Eixample, La Nova Esquerra de l\u2019Eixample y Sant Antoni. El Eixample se caracteriza por largas calles rectas, un estricto patr\u00f3n de cuadr\u00edcula atravesado por amplias avenidas y manzanas cuadradas con esquinas biseladas (llamadas illes en catal\u00e1n, manzanas en espa\u00f1ol). [&hellip;]","og_url":"https:\/\/www.berkinder.com\/la-inversion-inmobiliaria-en-leixample\/","og_site_name":"Berkinder - Property Management Barcelona","article_published_time":"2022-02-10T17:03:24+00:00","article_modified_time":"2024-07-09T14:14:13+00:00","og_image":[{"width":770,"height":430,"url":"https:\/\/www.berkinder.com\/wp-content\/uploads\/2019\/10\/770x430-eixmple-district-barcelona.jpg","type":"image\/jpeg"}],"author":"xcom","twitter_card":"summary_large_image","twitter_misc":{"Written by":"xcom","Est. reading time":"1 minute"},"schema":{"@context":"https:\/\/schema.org","@graph":[{"@type":"WebPage","@id":"https:\/\/www.berkinder.com\/la-inversion-inmobiliaria-en-leixample\/","url":"https:\/\/www.berkinder.com\/la-inversion-inmobiliaria-en-leixample\/","name":"La inversi\u00f3n inmobiliaria en l' Eixample - Berkinder - Property Management Barcelona","isPartOf":{"@id":"https:\/\/www.berkinder.com\/#website"},"primaryImageOfPage":{"@id":"https:\/\/www.berkinder.com\/la-inversion-inmobiliaria-en-leixample\/#primaryimage"},"image":{"@id":"https:\/\/www.berkinder.com\/la-inversion-inmobiliaria-en-leixample\/#primaryimage"},"thumbnailUrl":"https:\/\/www.berkinder.com\/wp-content\/uploads\/2019\/10\/770x430-eixmple-district-barcelona.jpg","datePublished":"2022-02-10T17:03:24+00:00","dateModified":"2024-07-09T14:14:13+00:00","author":{"@id":"https:\/\/www.berkinder.com\/#\/schema\/person\/fd77e4bebe04b252768398f89cab7505"},"breadcrumb":{"@id":"https:\/\/www.berkinder.com\/la-inversion-inmobiliaria-en-leixample\/#breadcrumb"},"inLanguage":"en-US","potentialAction":[{"@type":"ReadAction","target":["https:\/\/www.berkinder.com\/la-inversion-inmobiliaria-en-leixample\/"]}]},{"@type":"ImageObject","inLanguage":"en-US","@id":"https:\/\/www.berkinder.com\/la-inversion-inmobiliaria-en-leixample\/#primaryimage","url":"https:\/\/www.berkinder.com\/wp-content\/uploads\/2019\/10\/770x430-eixmple-district-barcelona.jpg","contentUrl":"https:\/\/www.berkinder.com\/wp-content\/uploads\/2019\/10\/770x430-eixmple-district-barcelona.jpg","width":770,"height":430},{"@type":"BreadcrumbList","@id":"https:\/\/www.berkinder.com\/la-inversion-inmobiliaria-en-leixample\/#breadcrumb","itemListElement":[{"@type":"ListItem","position":1,"name":"Portada","item":"https:\/\/www.berkinder.com\/en\/"},{"@type":"ListItem","position":2,"name":"La inversi\u00f3n inmobiliaria en l&#8217; Eixample"}]},{"@type":"WebSite","@id":"https:\/\/www.berkinder.com\/#website","url":"https:\/\/www.berkinder.com\/","name":"Berkinder - Property Management Barcelona","description":"Property management &amp; Real Estate in Barcelona","potentialAction":[{"@type":"SearchAction","target":{"@type":"EntryPoint","urlTemplate":"https:\/\/www.berkinder.com\/?s={search_term_string}"},"query-input":{"@type":"PropertyValueSpecification","valueRequired":true,"valueName":"search_term_string"}}],"inLanguage":"en-US"},{"@type":"Person","@id":"https:\/\/www.berkinder.com\/#\/schema\/person\/fd77e4bebe04b252768398f89cab7505","name":"xcom","image":{"@type":"ImageObject","inLanguage":"en-US","@id":"https:\/\/www.berkinder.com\/#\/schema\/person\/image\/","url":"https:\/\/secure.gravatar.com\/avatar\/ed240cb80351b6eaef3761a83b3cc36589b7e85d810cf3853d46b7695b0a3f45?s=96&d=mm&r=g","contentUrl":"https:\/\/secure.gravatar.com\/avatar\/ed240cb80351b6eaef3761a83b3cc36589b7e85d810cf3853d46b7695b0a3f45?s=96&d=mm&r=g","caption":"xcom"},"sameAs":["https:\/\/www.berkinder.com"],"url":"https:\/\/www.berkinder.com\/en\/author\/xcom\/"}]}},"_links":{"self":[{"href":"https:\/\/www.berkinder.com\/en\/wp-json\/wp\/v2\/posts\/19407","targetHints":{"allow":["GET"]}}],"collection":[{"href":"https:\/\/www.berkinder.com\/en\/wp-json\/wp\/v2\/posts"}],"about":[{"href":"https:\/\/www.berkinder.com\/en\/wp-json\/wp\/v2\/types\/post"}],"author":[{"embeddable":true,"href":"https:\/\/www.berkinder.com\/en\/wp-json\/wp\/v2\/users\/1"}],"replies":[{"embeddable":true,"href":"https:\/\/www.berkinder.com\/en\/wp-json\/wp\/v2\/comments?post=19407"}],"version-history":[{"count":1,"href":"https:\/\/www.berkinder.com\/en\/wp-json\/wp\/v2\/posts\/19407\/revisions"}],"predecessor-version":[{"id":19427,"href":"https:\/\/www.berkinder.com\/en\/wp-json\/wp\/v2\/posts\/19407\/revisions\/19427"}],"wp:featuredmedia":[{"embeddable":true,"href":"https:\/\/www.berkinder.com\/en\/wp-json\/wp\/v2\/media\/19253"}],"wp:attachment":[{"href":"https:\/\/www.berkinder.com\/en\/wp-json\/wp\/v2\/media?parent=19407"}],"wp:term":[{"taxonomy":"category","embeddable":true,"href":"https:\/\/www.berkinder.com\/en\/wp-json\/wp\/v2\/categories?post=19407"},{"taxonomy":"post_tag","embeddable":true,"href":"https:\/\/www.berkinder.com\/en\/wp-json\/wp\/v2\/tags?post=19407"}],"curies":[{"name":"wp","href":"https:\/\/api.w.org\/{rel}","templated":true}]}}