{"id":19413,"date":"2021-10-22T11:09:44","date_gmt":"2021-10-22T11:09:44","guid":{"rendered":"https:\/\/www.berkinder.com\/la-demanda-de-compra-y-alquiler-de-vivienda-alcanza-niveles-pre-covid\/"},"modified":"2024-07-09T14:14:30","modified_gmt":"2024-07-09T14:14:30","slug":"la-demanda-de-compra-y-alquiler-de-vivienda-alcanza-niveles-pre-covid","status":"publish","type":"post","link":"https:\/\/www.berkinder.com\/en\/la-demanda-de-compra-y-alquiler-de-vivienda-alcanza-niveles-pre-covid\/","title":{"rendered":"La demanda de compra y alquiler de vivienda alcanza niveles pre-Covid"},"content":{"rendered":"<p>Ahora que los fondos europeos empiezan a fluir y la econom\u00eda despega (aunque con menor fuerza de la esperada), la demanda de vivienda recupera velocidad de crucero, tanto en compra como en alquiler. \u201cLa participaci\u00f3n en el mercado de la vivienda ya supera niveles prepandemia en agosto\u201d, explica Mar\u00eda Matos, directora de Estudios y portavoz de Fotocasa<\/p>\n<p>Catalu\u00f1a es la comunidad en la que se aprecia un incremento m\u00e1s significativo en la actividad residencial, pasando de un 29% de personas en febrero de 2020, antes de la pandemia, a un 36% en agosto de 2021. Del total, si se tiene en cuenta s\u00f3lo el mercado de demanda y se excluye el de la oferta, se observa que un 18% de particulares catalanes ha participado comprando en el \u00faltimo a\u00f1o, frente a un 14% en febrero de 2020. Este auge de la demanda, no obstante, podr\u00eda no traducirse de la misma forma en precios en el caso de la capital, Barcelona. Hay que recordar que Barcelona es un mercado maduro donde la oferta no puede expandirse<br \/>\ncomo en Madrid. Ya antes del Covid-19 los precios empezaban a tocar techo, y eso limita que puedan seguir subiendo mucho m\u00e1s. En cuanto al alquiler, en agosto de 2021 un 23% de particulares particip\u00f3 en el mercado del alquiler, frente a un 14% en agosto de 2020.<\/p>\n<p>FUENTE: EXPANSI\u00d3N\u00a0 21.10.2021<\/p>\n<p>VER NOTICIA EN PDF:\u00a0<a href=\"https:\/\/www.berkinder.com\/wp-content\/uploads\/2021\/10\/NOTICIAS_21_10_DEMANDA_COMPRA_ALQUILER.pdf\">NOTICIAS_21_10_DEMANDA_COMPRA_ALQUILER<\/a><\/p>\n","protected":false},"excerpt":{"rendered":"<p>Ahora que los fondos europeos empiezan a fluir y la econom\u00eda despega (aunque con menor fuerza de la esperada), la demanda de vivienda recupera velocidad de crucero, tanto en compra como en alquiler. \u201cLa participaci\u00f3n en el mercado de la vivienda ya supera niveles prepandemia en agosto\u201d, explica Mar\u00eda Matos, directora de Estudios y portavoz [&hellip;]<\/p>\n","protected":false},"author":2,"featured_media":19305,"comment_status":"open","ping_status":"open","sticky":false,"template":"","format":"standard","meta":{"footnotes":""},"categories":[51],"tags":[],"class_list":["post-19413","post","type-post","status-publish","format-standard","has-post-thumbnail","hentry","category-sin-categoria-en"],"yoast_head":"<!-- This site is optimized with the Yoast SEO plugin v25.2 - https:\/\/yoast.com\/wordpress\/plugins\/seo\/ -->\n<title>La demanda de compra y alquiler de vivienda alcanza niveles pre-Covid - Berkinder - Property Management Barcelona<\/title>\n<meta name=\"robots\" content=\"index, follow, max-snippet:-1, max-image-preview:large, max-video-preview:-1\" \/>\n<link rel=\"canonical\" href=\"https:\/\/www.berkinder.com\/la-demanda-de-compra-y-alquiler-de-vivienda-alcanza-niveles-pre-covid\/\" \/>\n<meta property=\"og:locale\" content=\"en_US\" \/>\n<meta property=\"og:type\" content=\"article\" \/>\n<meta property=\"og:title\" content=\"La demanda de compra y alquiler de vivienda alcanza niveles pre-Covid - Berkinder - Property Management Barcelona\" \/>\n<meta property=\"og:description\" content=\"Ahora que los fondos europeos empiezan a fluir y la econom\u00eda despega (aunque con menor fuerza de la esperada), la demanda de vivienda recupera velocidad de crucero, tanto en compra como en alquiler. \u201cLa participaci\u00f3n en el mercado de la vivienda ya supera niveles prepandemia en agosto\u201d, explica Mar\u00eda Matos, directora de Estudios y portavoz [&hellip;]\" \/>\n<meta property=\"og:url\" content=\"https:\/\/www.berkinder.com\/la-demanda-de-compra-y-alquiler-de-vivienda-alcanza-niveles-pre-covid\/\" \/>\n<meta property=\"og:site_name\" content=\"Berkinder - Property Management Barcelona\" \/>\n<meta property=\"article:published_time\" content=\"2021-10-22T11:09:44+00:00\" \/>\n<meta property=\"article:modified_time\" content=\"2024-07-09T14:14:30+00:00\" \/>\n<meta property=\"og:image\" content=\"https:\/\/www.berkinder.com\/wp-content\/uploads\/2021\/10\/firma_property_manager.jpg\" \/>\n\t<meta property=\"og:image:width\" content=\"598\" \/>\n\t<meta property=\"og:image:height\" content=\"362\" \/>\n\t<meta property=\"og:image:type\" content=\"image\/jpeg\" \/>\n<meta name=\"author\" content=\"carles\" \/>\n<meta name=\"twitter:card\" content=\"summary_large_image\" \/>\n<meta name=\"twitter:label1\" content=\"Written by\" \/>\n\t<meta name=\"twitter:data1\" content=\"carles\" \/>\n\t<meta name=\"twitter:label2\" content=\"Est. reading time\" \/>\n\t<meta name=\"twitter:data2\" content=\"1 minute\" \/>\n<script type=\"application\/ld+json\" class=\"yoast-schema-graph\">{\"@context\":\"https:\/\/schema.org\",\"@graph\":[{\"@type\":\"WebPage\",\"@id\":\"https:\/\/www.berkinder.com\/la-demanda-de-compra-y-alquiler-de-vivienda-alcanza-niveles-pre-covid\/\",\"url\":\"https:\/\/www.berkinder.com\/la-demanda-de-compra-y-alquiler-de-vivienda-alcanza-niveles-pre-covid\/\",\"name\":\"La demanda de compra y alquiler de vivienda alcanza niveles pre-Covid - Berkinder - Property Management Barcelona\",\"isPartOf\":{\"@id\":\"https:\/\/www.berkinder.com\/#website\"},\"primaryImageOfPage\":{\"@id\":\"https:\/\/www.berkinder.com\/la-demanda-de-compra-y-alquiler-de-vivienda-alcanza-niveles-pre-covid\/#primaryimage\"},\"image\":{\"@id\":\"https:\/\/www.berkinder.com\/la-demanda-de-compra-y-alquiler-de-vivienda-alcanza-niveles-pre-covid\/#primaryimage\"},\"thumbnailUrl\":\"https:\/\/www.berkinder.com\/wp-content\/uploads\/2021\/10\/firma_property_manager.jpg\",\"datePublished\":\"2021-10-22T11:09:44+00:00\",\"dateModified\":\"2024-07-09T14:14:30+00:00\",\"author\":{\"@id\":\"https:\/\/www.berkinder.com\/#\/schema\/person\/1ad6b78dcd2165cb9780ffa274246250\"},\"breadcrumb\":{\"@id\":\"https:\/\/www.berkinder.com\/la-demanda-de-compra-y-alquiler-de-vivienda-alcanza-niveles-pre-covid\/#breadcrumb\"},\"inLanguage\":\"en-US\",\"potentialAction\":[{\"@type\":\"ReadAction\",\"target\":[\"https:\/\/www.berkinder.com\/la-demanda-de-compra-y-alquiler-de-vivienda-alcanza-niveles-pre-covid\/\"]}]},{\"@type\":\"ImageObject\",\"inLanguage\":\"en-US\",\"@id\":\"https:\/\/www.berkinder.com\/la-demanda-de-compra-y-alquiler-de-vivienda-alcanza-niveles-pre-covid\/#primaryimage\",\"url\":\"https:\/\/www.berkinder.com\/wp-content\/uploads\/2021\/10\/firma_property_manager.jpg\",\"contentUrl\":\"https:\/\/www.berkinder.com\/wp-content\/uploads\/2021\/10\/firma_property_manager.jpg\",\"width\":598,\"height\":362},{\"@type\":\"BreadcrumbList\",\"@id\":\"https:\/\/www.berkinder.com\/la-demanda-de-compra-y-alquiler-de-vivienda-alcanza-niveles-pre-covid\/#breadcrumb\",\"itemListElement\":[{\"@type\":\"ListItem\",\"position\":1,\"name\":\"Portada\",\"item\":\"https:\/\/www.berkinder.com\/en\/\"},{\"@type\":\"ListItem\",\"position\":2,\"name\":\"La demanda de compra y alquiler de vivienda alcanza niveles pre-Covid\"}]},{\"@type\":\"WebSite\",\"@id\":\"https:\/\/www.berkinder.com\/#website\",\"url\":\"https:\/\/www.berkinder.com\/\",\"name\":\"Berkinder - Property Management Barcelona\",\"description\":\"Property management &amp; Real Estate in Barcelona\",\"potentialAction\":[{\"@type\":\"SearchAction\",\"target\":{\"@type\":\"EntryPoint\",\"urlTemplate\":\"https:\/\/www.berkinder.com\/?s={search_term_string}\"},\"query-input\":{\"@type\":\"PropertyValueSpecification\",\"valueRequired\":true,\"valueName\":\"search_term_string\"}}],\"inLanguage\":\"en-US\"},{\"@type\":\"Person\",\"@id\":\"https:\/\/www.berkinder.com\/#\/schema\/person\/1ad6b78dcd2165cb9780ffa274246250\",\"name\":\"carles\",\"image\":{\"@type\":\"ImageObject\",\"inLanguage\":\"en-US\",\"@id\":\"https:\/\/www.berkinder.com\/#\/schema\/person\/image\/\",\"url\":\"https:\/\/secure.gravatar.com\/avatar\/92a7b9c13a52fcaf3a08f101816a4a5a088537afc72ab7d0b1aaeebcde01ddaa?s=96&d=mm&r=g\",\"contentUrl\":\"https:\/\/secure.gravatar.com\/avatar\/92a7b9c13a52fcaf3a08f101816a4a5a088537afc72ab7d0b1aaeebcde01ddaa?s=96&d=mm&r=g\",\"caption\":\"carles\"},\"url\":\"https:\/\/www.berkinder.com\/en\/author\/carles\/\"}]}<\/script>\n<!-- \/ Yoast SEO plugin. -->","yoast_head_json":{"title":"La demanda de compra y alquiler de vivienda alcanza niveles pre-Covid - Berkinder - Property Management Barcelona","robots":{"index":"index","follow":"follow","max-snippet":"max-snippet:-1","max-image-preview":"max-image-preview:large","max-video-preview":"max-video-preview:-1"},"canonical":"https:\/\/www.berkinder.com\/la-demanda-de-compra-y-alquiler-de-vivienda-alcanza-niveles-pre-covid\/","og_locale":"en_US","og_type":"article","og_title":"La demanda de compra y alquiler de vivienda alcanza niveles pre-Covid - Berkinder - Property Management Barcelona","og_description":"Ahora que los fondos europeos empiezan a fluir y la econom\u00eda despega (aunque con menor fuerza de la esperada), la demanda de vivienda recupera velocidad de crucero, tanto en compra como en alquiler. \u201cLa participaci\u00f3n en el mercado de la vivienda ya supera niveles prepandemia en agosto\u201d, explica Mar\u00eda Matos, directora de Estudios y portavoz [&hellip;]","og_url":"https:\/\/www.berkinder.com\/la-demanda-de-compra-y-alquiler-de-vivienda-alcanza-niveles-pre-covid\/","og_site_name":"Berkinder - Property Management Barcelona","article_published_time":"2021-10-22T11:09:44+00:00","article_modified_time":"2024-07-09T14:14:30+00:00","og_image":[{"width":598,"height":362,"url":"https:\/\/www.berkinder.com\/wp-content\/uploads\/2021\/10\/firma_property_manager.jpg","type":"image\/jpeg"}],"author":"carles","twitter_card":"summary_large_image","twitter_misc":{"Written by":"carles","Est. reading time":"1 minute"},"schema":{"@context":"https:\/\/schema.org","@graph":[{"@type":"WebPage","@id":"https:\/\/www.berkinder.com\/la-demanda-de-compra-y-alquiler-de-vivienda-alcanza-niveles-pre-covid\/","url":"https:\/\/www.berkinder.com\/la-demanda-de-compra-y-alquiler-de-vivienda-alcanza-niveles-pre-covid\/","name":"La demanda de compra y alquiler de vivienda alcanza niveles pre-Covid - Berkinder - Property Management Barcelona","isPartOf":{"@id":"https:\/\/www.berkinder.com\/#website"},"primaryImageOfPage":{"@id":"https:\/\/www.berkinder.com\/la-demanda-de-compra-y-alquiler-de-vivienda-alcanza-niveles-pre-covid\/#primaryimage"},"image":{"@id":"https:\/\/www.berkinder.com\/la-demanda-de-compra-y-alquiler-de-vivienda-alcanza-niveles-pre-covid\/#primaryimage"},"thumbnailUrl":"https:\/\/www.berkinder.com\/wp-content\/uploads\/2021\/10\/firma_property_manager.jpg","datePublished":"2021-10-22T11:09:44+00:00","dateModified":"2024-07-09T14:14:30+00:00","author":{"@id":"https:\/\/www.berkinder.com\/#\/schema\/person\/1ad6b78dcd2165cb9780ffa274246250"},"breadcrumb":{"@id":"https:\/\/www.berkinder.com\/la-demanda-de-compra-y-alquiler-de-vivienda-alcanza-niveles-pre-covid\/#breadcrumb"},"inLanguage":"en-US","potentialAction":[{"@type":"ReadAction","target":["https:\/\/www.berkinder.com\/la-demanda-de-compra-y-alquiler-de-vivienda-alcanza-niveles-pre-covid\/"]}]},{"@type":"ImageObject","inLanguage":"en-US","@id":"https:\/\/www.berkinder.com\/la-demanda-de-compra-y-alquiler-de-vivienda-alcanza-niveles-pre-covid\/#primaryimage","url":"https:\/\/www.berkinder.com\/wp-content\/uploads\/2021\/10\/firma_property_manager.jpg","contentUrl":"https:\/\/www.berkinder.com\/wp-content\/uploads\/2021\/10\/firma_property_manager.jpg","width":598,"height":362},{"@type":"BreadcrumbList","@id":"https:\/\/www.berkinder.com\/la-demanda-de-compra-y-alquiler-de-vivienda-alcanza-niveles-pre-covid\/#breadcrumb","itemListElement":[{"@type":"ListItem","position":1,"name":"Portada","item":"https:\/\/www.berkinder.com\/en\/"},{"@type":"ListItem","position":2,"name":"La demanda de compra y alquiler de vivienda alcanza niveles pre-Covid"}]},{"@type":"WebSite","@id":"https:\/\/www.berkinder.com\/#website","url":"https:\/\/www.berkinder.com\/","name":"Berkinder - Property Management Barcelona","description":"Property management &amp; Real Estate in Barcelona","potentialAction":[{"@type":"SearchAction","target":{"@type":"EntryPoint","urlTemplate":"https:\/\/www.berkinder.com\/?s={search_term_string}"},"query-input":{"@type":"PropertyValueSpecification","valueRequired":true,"valueName":"search_term_string"}}],"inLanguage":"en-US"},{"@type":"Person","@id":"https:\/\/www.berkinder.com\/#\/schema\/person\/1ad6b78dcd2165cb9780ffa274246250","name":"carles","image":{"@type":"ImageObject","inLanguage":"en-US","@id":"https:\/\/www.berkinder.com\/#\/schema\/person\/image\/","url":"https:\/\/secure.gravatar.com\/avatar\/92a7b9c13a52fcaf3a08f101816a4a5a088537afc72ab7d0b1aaeebcde01ddaa?s=96&d=mm&r=g","contentUrl":"https:\/\/secure.gravatar.com\/avatar\/92a7b9c13a52fcaf3a08f101816a4a5a088537afc72ab7d0b1aaeebcde01ddaa?s=96&d=mm&r=g","caption":"carles"},"url":"https:\/\/www.berkinder.com\/en\/author\/carles\/"}]}},"_links":{"self":[{"href":"https:\/\/www.berkinder.com\/en\/wp-json\/wp\/v2\/posts\/19413","targetHints":{"allow":["GET"]}}],"collection":[{"href":"https:\/\/www.berkinder.com\/en\/wp-json\/wp\/v2\/posts"}],"about":[{"href":"https:\/\/www.berkinder.com\/en\/wp-json\/wp\/v2\/types\/post"}],"author":[{"embeddable":true,"href":"https:\/\/www.berkinder.com\/en\/wp-json\/wp\/v2\/users\/2"}],"replies":[{"embeddable":true,"href":"https:\/\/www.berkinder.com\/en\/wp-json\/wp\/v2\/comments?post=19413"}],"version-history":[{"count":1,"href":"https:\/\/www.berkinder.com\/en\/wp-json\/wp\/v2\/posts\/19413\/revisions"}],"predecessor-version":[{"id":19433,"href":"https:\/\/www.berkinder.com\/en\/wp-json\/wp\/v2\/posts\/19413\/revisions\/19433"}],"wp:featuredmedia":[{"embeddable":true,"href":"https:\/\/www.berkinder.com\/en\/wp-json\/wp\/v2\/media\/19305"}],"wp:attachment":[{"href":"https:\/\/www.berkinder.com\/en\/wp-json\/wp\/v2\/media?parent=19413"}],"wp:term":[{"taxonomy":"category","embeddable":true,"href":"https:\/\/www.berkinder.com\/en\/wp-json\/wp\/v2\/categories?post=19413"},{"taxonomy":"post_tag","embeddable":true,"href":"https:\/\/www.berkinder.com\/en\/wp-json\/wp\/v2\/tags?post=19413"}],"curies":[{"name":"wp","href":"https:\/\/api.w.org\/{rel}","templated":true}]}}